{"id":4645,"date":"2024-11-27T20:44:00","date_gmt":"2024-11-27T19:44:00","guid":{"rendered":"https:\/\/grenzarbeit.eu\/venlo\/?p=4645"},"modified":"2024-11-27T20:44:00","modified_gmt":"2024-11-27T19:44:00","slug":"erste-sga-sprechstunde-an-der-fontys-war-gut-besucht","status":"publish","type":"post","link":"https:\/\/grenzarbeit.eu\/venlo\/erste-sga-sprechstunde-an-der-fontys-war-gut-besucht\/","title":{"rendered":"Erste SGA-Sprechstunde an der Fontys war gut besucht"},"content":{"rendered":"<p>Rund 30 Studierende und Dozenten nahmen das Angebot des Service GrenzArbeit (SGA) an und informierten sich im November bei der ersten Sprechstunde \u00fcber europ\u00e4ische und grenz\u00fcberschreitende Regelungen an der Fontys Hogeschool in Venlo. Neben vielen Einzelgespr\u00e4chen hat das Team rund um UWV, GrenzInfoPunkt und Arbeitsagentur auch eine kleine Gruppeninfo durchgef\u00fchrt. Dabei ging es kurz um m\u00f6gliche Studienfinanzierung, vor allem aber um die Sozialversicherung: \u201eJunge Menschen aus der EU, die zum Studium in die Niederlande kommen, bleiben in der Regel im Herkunftsland sozialversichert \u2013 es sei denn, sie arbeiten in den Niederlanden. Eine deutsche Studentin zum Beispiel kann in der Familienversicherung krankenversichert bleiben. Wenn sie jedoch einen Nebenjob im Outlet Roermond oder in einer Bar in Venlo annimmt, braucht sie eine niederl\u00e4ndische Krankenkasse und baut dann auch in den Niederlanden eine Rente auf\u201c, erkl\u00e4rt das Team.<\/p>\n<p>\u201eKann ich dann \u00fcberhaupt noch in Italien zum Arzt, wenn ich in den Niederlanden arbeite und \u00fcber Weihnachten wieder Zuhause bin?\u201c, fragt ein italienischer Student. Die Antwort: \u201eJa, aber nur mit der Europ\u00e4ischen Gesundheitskarte (EHIC). Die EHIC kann nur f\u00fcr notwendige Behandlungen, die im Behandlungsland im Basispaket enthalten sind, genutzt werden. Das bedeutet, dass geplante Behandlungen, die nicht notwendig sind, nicht abgedeckt sind, und es ist auch m\u00f6glich, dass nicht alle Kosten vollst\u00e4ndig \u00fcbernommen werden\u201c, so die Kollegen vom Service GrenzArbeit weiter.<\/p>\n<p>Neben Studierende haben sich auch Dozenten, die in Deutschland wohnen und bei der Fontys arbeiten beim Team informiert. Der SGA freut sich \u00fcber das Interesse und blickt auf eine gelungene Veranstaltung zur\u00fcck.<\/p>\n","protected":false},"excerpt":{"rendered":"<p>Rund 30 Studierende und Dozenten nahmen das Angebot des Service GrenzArbeit (SGA) an und informierten sich im November bei der ersten Sprechstunde \u00fcber europ\u00e4ische und grenz\u00fcberschreitende Regelungen an der Fontys Hogeschool in Venlo. Neben vielen Einzelgespr\u00e4chen hat das Team rund um UWV, GrenzInfoPunkt und Arbeitsagentur auch eine kleine Gruppeninfo durchgef\u00fchrt. Dabei ging es kurz um [&hellip;]<\/p>\n","protected":false},"author":1,"featured_media":4646,"comment_status":"closed","ping_status":"open","sticky":false,"template":"","format":"standard","meta":{"_acf_changed":false,"inline_featured_image":false,"footnotes":""},"categories":[1],"tags":[],"class_list":["post-4645","post","type-post","status-publish","format-standard","has-post-thumbnail","hentry","category-unkategorisiert"],"acf":[],"_links":{"self":[{"href":"https:\/\/grenzarbeit.eu\/venlo\/wp-json\/wp\/v2\/posts\/4645","targetHints":{"allow":["GET"]}}],"collection":[{"href":"https:\/\/grenzarbeit.eu\/venlo\/wp-json\/wp\/v2\/posts"}],"about":[{"href":"https:\/\/grenzarbeit.eu\/venlo\/wp-json\/wp\/v2\/types\/post"}],"author":[{"embeddable":true,"href":"https:\/\/grenzarbeit.eu\/venlo\/wp-json\/wp\/v2\/users\/1"}],"replies":[{"embeddable":true,"href":"https:\/\/grenzarbeit.eu\/venlo\/wp-json\/wp\/v2\/comments?post=4645"}],"version-history":[{"count":0,"href":"https:\/\/grenzarbeit.eu\/venlo\/wp-json\/wp\/v2\/posts\/4645\/revisions"}],"wp:featuredmedia":[{"embeddable":true,"href":"https:\/\/grenzarbeit.eu\/venlo\/wp-json\/wp\/v2\/media\/4646"}],"wp:attachment":[{"href":"https:\/\/grenzarbeit.eu\/venlo\/wp-json\/wp\/v2\/media?parent=4645"}],"wp:term":[{"taxonomy":"category","embeddable":true,"href":"https:\/\/grenzarbeit.eu\/venlo\/wp-json\/wp\/v2\/categories?post=4645"},{"taxonomy":"post_tag","embeddable":true,"href":"https:\/\/grenzarbeit.eu\/venlo\/wp-json\/wp\/v2\/tags?post=4645"}],"curies":[{"name":"wp","href":"https:\/\/api.w.org\/{rel}","templated":true}]}}