{"id":4576,"date":"2024-10-11T12:13:37","date_gmt":"2024-10-11T10:13:37","guid":{"rendered":"https:\/\/grenzarbeit.eu\/venlo\/?p=4576"},"modified":"2024-10-11T12:13:37","modified_gmt":"2024-10-11T10:13:37","slug":"der-grenzueberschreitende-arbeitsmarkt","status":"publish","type":"post","link":"https:\/\/grenzarbeit.eu\/venlo\/der-grenzueberschreitende-arbeitsmarkt\/","title":{"rendered":"Der grenz\u00fcberschreitende Arbeitsmarkt"},"content":{"rendered":"<p>Der Arbeitsmarkt macht nicht an der Landesgrenze halt. Einerseits suchen Unternehmen hier und dort nach Personal, sowohl in quantitativer als auch in qualitativer Hinsicht, und andererseits blicken Talente \u00fcber den lokalen Arbeitsmarkt hinaus. Doch trotz der N\u00e4he zum Nachbarland erweist es sich als recht kompliziert, \u00fcber die Grenze hinweg Personal einzustellen oder zu arbeiten. Es ist daher nicht selbstverst\u00e4ndlich, einen 360-Grad-Kreis zu ziehen.<\/p>\n<p><strong>Zusammenarbeit in Nord-Limburg<\/strong><\/p>\n<p>Im Rahmen des Fieldlabs Nord-Limburg arbeiten das Bildungswesen, die Berufswelt und staatliche Instanzen zusammen, um einen 360-Grad-Arbeitsmarkt zu schaffen. Im Rahmen dieses k\u00fcrzlich gestarteten Projekts werden Tools f\u00fcr Personalverantwortliche entwickelt, die ihnen helfen, erfolgreich Personal im Nachbarland zu rekrutieren. Es werden auch Aktivit\u00e4ten f\u00fcr regionale Talente entwickelt, die auf die euroregionale Einsatzf\u00e4higkeit gerichtet sind, und es wird eine Reihe von Grenzberichten von Alumni entwickelt.<\/p>\n<p><strong>Konsortialpartner in Aktion<\/strong><\/p>\n<p>K\u00fcrzlich trafen sich die Konsortialpartner, um sich gegenseitig \u00fcber die Entwicklungen innerhalb der verschiedenen Arbeitspakete zu informieren. Ein tatkr\u00e4ftiger deutsch-niederl\u00e4ndischer Verein, der den euroregionalen Arbeitsmarkt in Schwung bringen will.<\/p>\n","protected":false},"excerpt":{"rendered":"<p>Der Arbeitsmarkt macht nicht an der Landesgrenze halt. Einerseits suchen Unternehmen hier und dort nach Personal, sowohl in quantitativer als auch in qualitativer Hinsicht, und andererseits blicken Talente \u00fcber den lokalen Arbeitsmarkt hinaus. Doch trotz der N\u00e4he zum Nachbarland erweist es sich als recht kompliziert, \u00fcber die Grenze hinweg Personal einzustellen oder zu arbeiten. Es [&hellip;]<\/p>\n","protected":false},"author":1,"featured_media":4569,"comment_status":"closed","ping_status":"open","sticky":false,"template":"","format":"standard","meta":{"_acf_changed":false,"inline_featured_image":false,"footnotes":""},"categories":[1],"tags":[],"class_list":["post-4576","post","type-post","status-publish","format-standard","has-post-thumbnail","hentry","category-unkategorisiert"],"acf":[],"_links":{"self":[{"href":"https:\/\/grenzarbeit.eu\/venlo\/wp-json\/wp\/v2\/posts\/4576","targetHints":{"allow":["GET"]}}],"collection":[{"href":"https:\/\/grenzarbeit.eu\/venlo\/wp-json\/wp\/v2\/posts"}],"about":[{"href":"https:\/\/grenzarbeit.eu\/venlo\/wp-json\/wp\/v2\/types\/post"}],"author":[{"embeddable":true,"href":"https:\/\/grenzarbeit.eu\/venlo\/wp-json\/wp\/v2\/users\/1"}],"replies":[{"embeddable":true,"href":"https:\/\/grenzarbeit.eu\/venlo\/wp-json\/wp\/v2\/comments?post=4576"}],"version-history":[{"count":0,"href":"https:\/\/grenzarbeit.eu\/venlo\/wp-json\/wp\/v2\/posts\/4576\/revisions"}],"wp:featuredmedia":[{"embeddable":true,"href":"https:\/\/grenzarbeit.eu\/venlo\/wp-json\/wp\/v2\/media\/4569"}],"wp:attachment":[{"href":"https:\/\/grenzarbeit.eu\/venlo\/wp-json\/wp\/v2\/media?parent=4576"}],"wp:term":[{"taxonomy":"category","embeddable":true,"href":"https:\/\/grenzarbeit.eu\/venlo\/wp-json\/wp\/v2\/categories?post=4576"},{"taxonomy":"post_tag","embeddable":true,"href":"https:\/\/grenzarbeit.eu\/venlo\/wp-json\/wp\/v2\/tags?post=4576"}],"curies":[{"name":"wp","href":"https:\/\/api.w.org\/{rel}","templated":true}]}}