{"id":4512,"date":"2024-07-10T01:45:42","date_gmt":"2024-07-09T23:45:42","guid":{"rendered":"https:\/\/grenzarbeit.eu\/venlo\/?p=4512"},"modified":"2024-07-23T21:01:10","modified_gmt":"2024-07-23T19:01:10","slug":"grenzueberschreitender-arbeitsmarkt-stand-im-fokus","status":"publish","type":"post","link":"https:\/\/grenzarbeit.eu\/venlo\/grenzueberschreitender-arbeitsmarkt-stand-im-fokus\/","title":{"rendered":"Grenz\u00fcberschreitender Arbeitsmarkt stand im Fokus"},"content":{"rendered":"<p>Das niederl\u00e4ndische Ministerium f\u00fcr Soziales und Besch\u00e4ftigung, das deutsche Bundesministerium f\u00fcr Arbeit und Soziales die Europ\u00e4ische Arbeitsbeh\u00f6rde (ELA) luden gemeinsam zur Konferenz \u201eWorking Across Borders: Towards a fair 360-degree labour market in the Dutch-German cross-border region\u201c ein. Die Veranstaltung fand im Juni in Osnabr\u00fcck statt. Sie bestand aus drei Workshops, in denen sich Experten aus der Region, sowie von der Bundes- und EU-Ebene trafen, um die Herausforderungen und Chancen des grenz\u00fcberschreitenden Lebens und Arbeitens zu diskutieren.<\/p>\n<p>Vertreterinnen und Vertreter der deutsch-niederl\u00e4ndischen Euregios, der <a href=\"https:\/\/grenzinfo.eu\/\">GrenzInfoPunkte<\/a> sowie der <a href=\"https:\/\/grenzarbeit.eu\/\">Services Grenz\u00fcberschreitende Arbeitsvermittlung (SGA)<\/a> ebenso wie weitere Institutionen und Organisationen nutzten dabei die Chance zur Diskussion. Cosmin Boiangiu, Exekutivdirektor der ELA; Rits de Boer, Generalinspektor der niederl\u00e4ndischen Arbeitsbeh\u00f6rde, Dr Rolf Schmachtenberg, Staatsektret\u00e4r im Bundesministerium f\u00fcr Arbeit und Soziales in Deutschland, Arjan Kampman, wethouder in Enschede, f\u00fcr EUREGIO NL und Szabolcs Sepsi, Regionalleiter Nordwest von \u201cFaire Mobilit\u00e4t\u201d nahmen am Panel teil.<\/p>\n<p>Zu den Schwerpunktthemen geh\u00f6rten:<\/p>\n<p>\u2013 Verbesserung der Konvergenz des Arbeitsmarkts in der Grenzregion.<br \/>\n\u2013 Faire Arbeitskr\u00e4ftemobilit\u00e4t: Bereitstellung von Informationen f\u00fcr mobile Arbeitskr\u00e4fte.<br \/>\n\u2013 Grenz\u00fcberschreitende Rechtsdurchsetzung zur Gew\u00e4hrleistung fairer Arbeits- und Lebensbedingungen.<\/p>\n","protected":false},"excerpt":{"rendered":"<p>Das niederl\u00e4ndische Ministerium f\u00fcr Soziales und Besch\u00e4ftigung, das deutsche Bundesministerium f\u00fcr Arbeit und Soziales die Europ\u00e4ische Arbeitsbeh\u00f6rde (ELA) luden gemeinsam zur Konferenz \u201eWorking Across Borders: Towards a fair 360-degree labour market in the Dutch-German cross-border region\u201c ein. Die Veranstaltung fand im Juni in Osnabr\u00fcck statt. Sie bestand aus drei Workshops, in denen sich Experten aus [&hellip;]<\/p>\n","protected":false},"author":1,"featured_media":4511,"comment_status":"closed","ping_status":"open","sticky":false,"template":"","format":"standard","meta":{"_acf_changed":false,"inline_featured_image":false,"footnotes":""},"categories":[1],"tags":[],"class_list":["post-4512","post","type-post","status-publish","format-standard","has-post-thumbnail","hentry","category-unkategorisiert"],"acf":[],"_links":{"self":[{"href":"https:\/\/grenzarbeit.eu\/venlo\/wp-json\/wp\/v2\/posts\/4512","targetHints":{"allow":["GET"]}}],"collection":[{"href":"https:\/\/grenzarbeit.eu\/venlo\/wp-json\/wp\/v2\/posts"}],"about":[{"href":"https:\/\/grenzarbeit.eu\/venlo\/wp-json\/wp\/v2\/types\/post"}],"author":[{"embeddable":true,"href":"https:\/\/grenzarbeit.eu\/venlo\/wp-json\/wp\/v2\/users\/1"}],"replies":[{"embeddable":true,"href":"https:\/\/grenzarbeit.eu\/venlo\/wp-json\/wp\/v2\/comments?post=4512"}],"version-history":[{"count":0,"href":"https:\/\/grenzarbeit.eu\/venlo\/wp-json\/wp\/v2\/posts\/4512\/revisions"}],"wp:featuredmedia":[{"embeddable":true,"href":"https:\/\/grenzarbeit.eu\/venlo\/wp-json\/wp\/v2\/media\/4511"}],"wp:attachment":[{"href":"https:\/\/grenzarbeit.eu\/venlo\/wp-json\/wp\/v2\/media?parent=4512"}],"wp:term":[{"taxonomy":"category","embeddable":true,"href":"https:\/\/grenzarbeit.eu\/venlo\/wp-json\/wp\/v2\/categories?post=4512"},{"taxonomy":"post_tag","embeddable":true,"href":"https:\/\/grenzarbeit.eu\/venlo\/wp-json\/wp\/v2\/tags?post=4512"}],"curies":[{"name":"wp","href":"https:\/\/api.w.org\/{rel}","templated":true}]}}