{"id":4449,"date":"2024-05-22T19:57:12","date_gmt":"2024-05-22T17:57:12","guid":{"rendered":"https:\/\/grenzarbeit.eu\/venlo\/?p=4449"},"modified":"2024-05-22T19:58:47","modified_gmt":"2024-05-22T17:58:47","slug":"viele-gespraeche-gefuehrt-bei-weiterbildungsmesse","status":"publish","type":"post","link":"https:\/\/grenzarbeit.eu\/venlo\/viele-gespraeche-gefuehrt-bei-weiterbildungsmesse\/","title":{"rendered":"Viele Gespr\u00e4che gef\u00fchrt bei Weiterbildungsmesse"},"content":{"rendered":"<p><strong>Wer sich beruflich neu orientieren m\u00f6chte, denkt selten ans Arbeiten in den Niederlanden. Dass aber gerade der Blick ins Nachbarland neue Perspektiven erm\u00f6glicht, haben Lambert Weijs und Julia Dillmann vom Service Grenzarbeit (SGA) in Venlo bei der \u201eWeiterbildungsmesse Mittlerer Niederrhein\u201c Mitte Mai in Neuss deutlich gemacht.<\/strong><\/p>\n<p>Zusammen mit Weiterbildungsinstituten aus dem Rhein-Kreis Neuss, aus M\u00f6nchengladbach, Krefeld und dem Kreis Viersen hat sich der SGA Venlo vor Ort pr\u00e4sentiert. \u201eHaben Sie schonmal dr\u00fcber nachgedacht in den Niederlanden zu arbeiten?\u201c, fragten die beiden SGA-Mitarbeiter ein ums andere Mal. \u201eNein, noch nicht\u201c, war in F\u00e4llen die Antwort. Selbst \u00fcberrascht warum eigentlich noch nicht, entspann sich vielfach ein Gespr\u00e4ch dar\u00fcber, was das Arbeiten im Nachbarland attraktiv macht. Wer Interesse am Arbeiten in den Niederlanden hat, ist herzlich zur SGA-Sprechstunde nach Venlo eingeladen, um den individuellen Hintergrund und die pers\u00f6nlichen Konsequenzen zu besprechen. Denn nicht f\u00fcr jeden eignet sich der Schritt \u00fcber die Grenze; Menschen ohne EU-Nationalit\u00e4t zum Beispiel k\u00f6nnen nicht einfach in den Niederlanden arbeiten. Sie brauchen eine niederl\u00e4ndische Arbeitserlaubnis.<\/p>\n<p>Veranstalter der &#8220;Weiterbildungsmesse Mittlerer Niederrhein&#8221; ist der Weiterbildungsverband Mittlerer Niederrhein. Diesem geh\u00f6ren mittlerweile mehr als 50 regionale Bildungstr\u00e4ger an. Ausgerichtet werden die &#8220;Weiterbildungsmessen Mittlerer Niederrhein&#8221; in Kooperation mit den Arbeitsagenturen M\u00f6nchengladbach und Krefeld sowie den Jobcentern M\u00f6nchengladbach, Krefeld, Kreis Viersen und Rhein-Kreis Neuss.<\/p>\n","protected":false},"excerpt":{"rendered":"<p>Wer sich beruflich neu orientieren m\u00f6chte, denkt selten ans Arbeiten in den Niederlanden. Dass aber gerade der Blick ins Nachbarland neue Perspektiven erm\u00f6glicht, haben Lambert Weijs und Julia Dillmann vom Service Grenzarbeit (SGA) in Venlo bei der \u201eWeiterbildungsmesse Mittlerer Niederrhein\u201c Mitte Mai in Neuss deutlich gemacht. Zusammen mit Weiterbildungsinstituten aus dem Rhein-Kreis Neuss, aus M\u00f6nchengladbach, [&hellip;]<\/p>\n","protected":false},"author":1,"featured_media":4451,"comment_status":"closed","ping_status":"open","sticky":false,"template":"","format":"standard","meta":{"_acf_changed":false,"inline_featured_image":false,"footnotes":""},"categories":[1],"tags":[],"class_list":["post-4449","post","type-post","status-publish","format-standard","has-post-thumbnail","hentry","category-unkategorisiert"],"acf":[],"_links":{"self":[{"href":"https:\/\/grenzarbeit.eu\/venlo\/wp-json\/wp\/v2\/posts\/4449","targetHints":{"allow":["GET"]}}],"collection":[{"href":"https:\/\/grenzarbeit.eu\/venlo\/wp-json\/wp\/v2\/posts"}],"about":[{"href":"https:\/\/grenzarbeit.eu\/venlo\/wp-json\/wp\/v2\/types\/post"}],"author":[{"embeddable":true,"href":"https:\/\/grenzarbeit.eu\/venlo\/wp-json\/wp\/v2\/users\/1"}],"replies":[{"embeddable":true,"href":"https:\/\/grenzarbeit.eu\/venlo\/wp-json\/wp\/v2\/comments?post=4449"}],"version-history":[{"count":0,"href":"https:\/\/grenzarbeit.eu\/venlo\/wp-json\/wp\/v2\/posts\/4449\/revisions"}],"wp:featuredmedia":[{"embeddable":true,"href":"https:\/\/grenzarbeit.eu\/venlo\/wp-json\/wp\/v2\/media\/4451"}],"wp:attachment":[{"href":"https:\/\/grenzarbeit.eu\/venlo\/wp-json\/wp\/v2\/media?parent=4449"}],"wp:term":[{"taxonomy":"category","embeddable":true,"href":"https:\/\/grenzarbeit.eu\/venlo\/wp-json\/wp\/v2\/categories?post=4449"},{"taxonomy":"post_tag","embeddable":true,"href":"https:\/\/grenzarbeit.eu\/venlo\/wp-json\/wp\/v2\/tags?post=4449"}],"curies":[{"name":"wp","href":"https:\/\/api.w.org\/{rel}","templated":true}]}}