{"id":4157,"date":"2023-09-17T21:20:29","date_gmt":"2023-09-17T19:20:29","guid":{"rendered":"https:\/\/grenzarbeit.eu\/venlo\/?p=4157"},"modified":"2023-09-17T21:23:05","modified_gmt":"2023-09-17T19:23:05","slug":"startschuss-fuer-die-neue-online-plattform-erleichtert-grenzueberschreitenden-einzelhandel-im-benelux-raum","status":"publish","type":"post","link":"https:\/\/grenzarbeit.eu\/venlo\/startschuss-fuer-die-neue-online-plattform-erleichtert-grenzueberschreitenden-einzelhandel-im-benelux-raum\/","title":{"rendered":"Startschuss f\u00fcr die neue Online-Plattform erleichtert grenz\u00fcberschreitenden Einzelhandel im Benelux-Raum"},"content":{"rendered":"<p>Europaminister Nathanael Liminski und der Generalsekret\u00e4r der Benelux-Union Frans Weekers haben gemeinsam in Br\u00fcssel den Startschuss f\u00fcr die Online-Plattform \u201eInfopunkt Einzelhandel Benelux\/Nordrhein-Westfalen\u201c gegeben. Das Webportal richtet sich an bestehende und neu gegr\u00fcndete Einzelh\u00e4ndler, die grenz\u00fcberschreitenden Handel innerhalb der Benelux-L\u00e4nder und in Nordrhein-Westfalen betreiben oder sich dort niederlassen wollen.<\/p>\n<p>\u00dcber das Portal k\u00f6nnen Unternehmerinnen und Unternehmer mit einem Mausklick auf die einschl\u00e4gigen belgischen, niederl\u00e4ndischen, luxemburgischen und nordrhein-westf\u00e4lischen Rechtsvorschriften f\u00fcr den Einzelhandel, die Unternehmensgr\u00fcndung, den elektronischen Gesch\u00e4ftsverkehr und Handelsaktivit\u00e4ten in den jeweils anderen L\u00e4ndern zugreifen. Das senkt die Hemmschwelle und beseitigt Hindernisse f\u00fcr eine grenz\u00fcberschreitende Gesch\u00e4ftst\u00e4tigkeit oder eine Niederlassung im Nachbarland. Sollten H\u00e4ndler bei ihren internationalen Aktivit\u00e4ten auf fragw\u00fcrdige oder widerspr\u00fcchliche Regelungen und Verfahren zwischen den Benelux-L\u00e4ndern und Nordrhein-Westfalen sto\u00dfen, k\u00f6nnen sie diese \u00fcber die Meldefunktion im Portal melden.<\/p>\n<p>Der Infopunkt ist auf Niederl\u00e4ndisch, Franz\u00f6sisch und Deutsch verf\u00fcgbar: <a href=\"https:\/\/retail.benelux.int\/de\/\">https:\/\/retail.benelux.int\/de\/<\/a><\/p>\n","protected":false},"excerpt":{"rendered":"<p>Europaminister Nathanael Liminski und der Generalsekret\u00e4r der Benelux-Union Frans Weekers haben gemeinsam in Br\u00fcssel den Startschuss f\u00fcr die Online-Plattform \u201eInfopunkt Einzelhandel Benelux\/Nordrhein-Westfalen\u201c gegeben. Das Webportal richtet sich an bestehende und neu gegr\u00fcndete Einzelh\u00e4ndler, die grenz\u00fcberschreitenden Handel innerhalb der Benelux-L\u00e4nder und in Nordrhein-Westfalen betreiben oder sich dort niederlassen wollen. \u00dcber das Portal k\u00f6nnen Unternehmerinnen und Unternehmer [&hellip;]<\/p>\n","protected":false},"author":1,"featured_media":0,"comment_status":"closed","ping_status":"open","sticky":false,"template":"","format":"standard","meta":{"_acf_changed":false,"inline_featured_image":false,"footnotes":""},"categories":[1],"tags":[],"class_list":["post-4157","post","type-post","status-publish","format-standard","hentry","category-unkategorisiert"],"acf":[],"_links":{"self":[{"href":"https:\/\/grenzarbeit.eu\/venlo\/wp-json\/wp\/v2\/posts\/4157","targetHints":{"allow":["GET"]}}],"collection":[{"href":"https:\/\/grenzarbeit.eu\/venlo\/wp-json\/wp\/v2\/posts"}],"about":[{"href":"https:\/\/grenzarbeit.eu\/venlo\/wp-json\/wp\/v2\/types\/post"}],"author":[{"embeddable":true,"href":"https:\/\/grenzarbeit.eu\/venlo\/wp-json\/wp\/v2\/users\/1"}],"replies":[{"embeddable":true,"href":"https:\/\/grenzarbeit.eu\/venlo\/wp-json\/wp\/v2\/comments?post=4157"}],"version-history":[{"count":0,"href":"https:\/\/grenzarbeit.eu\/venlo\/wp-json\/wp\/v2\/posts\/4157\/revisions"}],"wp:attachment":[{"href":"https:\/\/grenzarbeit.eu\/venlo\/wp-json\/wp\/v2\/media?parent=4157"}],"wp:term":[{"taxonomy":"category","embeddable":true,"href":"https:\/\/grenzarbeit.eu\/venlo\/wp-json\/wp\/v2\/categories?post=4157"},{"taxonomy":"post_tag","embeddable":true,"href":"https:\/\/grenzarbeit.eu\/venlo\/wp-json\/wp\/v2\/tags?post=4157"}],"curies":[{"name":"wp","href":"https:\/\/api.w.org\/{rel}","templated":true}]}}