{"id":3886,"date":"2022-10-18T18:09:24","date_gmt":"2022-10-18T16:09:24","guid":{"rendered":"https:\/\/grenzarbeit.eu\/venlo\/?p=3886"},"modified":"2022-10-24T12:56:37","modified_gmt":"2022-10-24T10:56:37","slug":"besuch-bei-der-agentur-fuer-arbeit-und-jobcenter","status":"publish","type":"post","link":"https:\/\/grenzarbeit.eu\/venlo\/besuch-bei-der-agentur-fuer-arbeit-und-jobcenter\/","title":{"rendered":"Besuch der Agentur f\u00fcr Arbeit und Jobcenter"},"content":{"rendered":"<p>Letzten Dienstag fand ein Firmenbesuch bei Vostermans in Blerick statt, einem internationalen Familienunternehmen, das 1952 gegr\u00fcndet wurde.<\/p>\n<p>Gemeinsam mit sieben Mitarbeitern der Agentur f\u00fcr Arbeit und des Jobcenters konnten wir einen Blick hinter die Kulissen dieses Unternehmens werfen.<\/p>\n<p>Ein Unternehmen mit Chancen und M\u00f6glichkeiten auch f\u00fcr Arbeitssuchende aus Deutschland.<\/p>\n<p>Die Unternehmenspr\u00e4sentation und die F\u00fchrung (durch Guus Vostermans) vermittelten ein gutes Bild von Vostermans<\/p>\n<p>W\u00e4hrend des Rundgangs, bei dem das Fotografieren aus betrieblichen Gr\u00fcnden nicht erlaubt war, besuchten wir unter anderem die Fertigungs-, Gie\u00dferei- und Montageabteilungen, und ein deutscher Mitarbeiter erz\u00e4hlte uns von seinen Erfahrungen mit der Arbeit jenseits der Grenze und der Arbeit bei Vostermans.<\/p>\n<p>Ein Unternehmen, das seine Mitarbeiter \u00fcber die Gestaltung ihres Arbeitsplatzes mitdenken l\u00e4sst und bei dem die eigene Meinung und der eigene Beitrag wirklich gesch\u00e4tzt werden, ein Unternehmen, das zukunftsorientiert ist, mit guten Besch\u00e4ftigungsm\u00f6glichkeiten mit Wachstumsperspektiven auch f\u00fcr deutsche Arbeitssuchende.<\/p>\n","protected":false},"excerpt":{"rendered":"<p>Letzten Dienstag fand ein Firmenbesuch bei Vostermans in Blerick statt, einem internationalen Familienunternehmen, das 1952 gegr\u00fcndet wurde. Gemeinsam mit sieben Mitarbeitern der Agentur f\u00fcr Arbeit und des Jobcenters konnten wir einen Blick hinter die Kulissen dieses Unternehmens werfen. Ein Unternehmen mit Chancen und M\u00f6glichkeiten auch f\u00fcr Arbeitssuchende aus Deutschland. Die Unternehmenspr\u00e4sentation und die F\u00fchrung (durch [&hellip;]<\/p>\n","protected":false},"author":1,"featured_media":0,"comment_status":"closed","ping_status":"open","sticky":false,"template":"","format":"standard","meta":{"_acf_changed":false,"inline_featured_image":false,"footnotes":""},"categories":[1],"tags":[],"class_list":["post-3886","post","type-post","status-publish","format-standard","hentry","category-unkategorisiert"],"acf":[],"_links":{"self":[{"href":"https:\/\/grenzarbeit.eu\/venlo\/wp-json\/wp\/v2\/posts\/3886","targetHints":{"allow":["GET"]}}],"collection":[{"href":"https:\/\/grenzarbeit.eu\/venlo\/wp-json\/wp\/v2\/posts"}],"about":[{"href":"https:\/\/grenzarbeit.eu\/venlo\/wp-json\/wp\/v2\/types\/post"}],"author":[{"embeddable":true,"href":"https:\/\/grenzarbeit.eu\/venlo\/wp-json\/wp\/v2\/users\/1"}],"replies":[{"embeddable":true,"href":"https:\/\/grenzarbeit.eu\/venlo\/wp-json\/wp\/v2\/comments?post=3886"}],"version-history":[{"count":0,"href":"https:\/\/grenzarbeit.eu\/venlo\/wp-json\/wp\/v2\/posts\/3886\/revisions"}],"wp:attachment":[{"href":"https:\/\/grenzarbeit.eu\/venlo\/wp-json\/wp\/v2\/media?parent=3886"}],"wp:term":[{"taxonomy":"category","embeddable":true,"href":"https:\/\/grenzarbeit.eu\/venlo\/wp-json\/wp\/v2\/categories?post=3886"},{"taxonomy":"post_tag","embeddable":true,"href":"https:\/\/grenzarbeit.eu\/venlo\/wp-json\/wp\/v2\/tags?post=3886"}],"curies":[{"name":"wp","href":"https:\/\/api.w.org\/{rel}","templated":true}]}}