{"id":3754,"date":"2022-09-14T11:47:48","date_gmt":"2022-09-14T09:47:48","guid":{"rendered":"https:\/\/grenzarbeit.eu\/venlo\/?p=3754"},"modified":"2022-09-14T11:47:48","modified_gmt":"2022-09-14T09:47:48","slug":"duitslanddag-der-dnhk-wieder-vor-ort","status":"publish","type":"post","link":"https:\/\/grenzarbeit.eu\/venlo\/duitslanddag-der-dnhk-wieder-vor-ort\/","title":{"rendered":"\u201eDuitslanddag\u201c der DNHK wieder vor Ort"},"content":{"rendered":"<p>Der \u201eDuitslanddag\u201c, der bereits zum f\u00fcnften Mal von der Deutsch-Niederl\u00e4ndischen Handelskammer (DNHK) veranstaltet wird, findet in diesem Jahr am 11. Oktober im Rijtuigenloods in Amersfoort statt. Im Industrieambiente, zwischen authentischen Eisenbahnschwellen und historischen Waggons, k\u00f6nnen sich niederl\u00e4ndische Unternehmer auf dem deutschen Markt orientieren und ihre Deutschlandpl\u00e4ne auf die richtige Spur bringen.<\/p>\n<p>Der \u201eDuitslanddag\u201c bietet Unternehmern ein umfassendes Programm mit Info-Sessions, Best Practices und Round-Table-Diskussionen. Auch in diesem Jahr wird es eine Ausstellungsfl\u00e4che geben, auf der 50 Aussteller niederl\u00e4ndischen Unternehmern bei ihren Gesch\u00e4ftsaktivit\u00e4ten auf dem deutschen Markt beraten. Nat\u00fcrlich wird es auch ausreichende Netzwerkgelegenheiten geben.<\/p>\n<p>Weitere Informationen und die M\u00f6glichkeit sich kostenlos anzumelden finden Sie unter <a href=\"https:\/\/duitslanddag.nl\">duitslanddag.nl<\/a>.<\/p>\n<p>(Fotonachweis: DNHK)<\/p>\n","protected":false},"excerpt":{"rendered":"<p>Der \u201eDuitslanddag\u201c, der bereits zum f\u00fcnften Mal von der Deutsch-Niederl\u00e4ndischen Handelskammer (DNHK) veranstaltet wird, findet in diesem Jahr am 11. Oktober im Rijtuigenloods in Amersfoort statt. Im Industrieambiente, zwischen authentischen Eisenbahnschwellen und historischen Waggons, k\u00f6nnen sich niederl\u00e4ndische Unternehmer auf dem deutschen Markt orientieren und ihre Deutschlandpl\u00e4ne auf die richtige Spur bringen. Der \u201eDuitslanddag\u201c bietet Unternehmern [&hellip;]<\/p>\n","protected":false},"author":1,"featured_media":3753,"comment_status":"closed","ping_status":"open","sticky":false,"template":"","format":"standard","meta":{"_acf_changed":false,"inline_featured_image":false,"footnotes":""},"categories":[1],"tags":[],"class_list":["post-3754","post","type-post","status-publish","format-standard","has-post-thumbnail","hentry","category-unkategorisiert"],"acf":[],"_links":{"self":[{"href":"https:\/\/grenzarbeit.eu\/venlo\/wp-json\/wp\/v2\/posts\/3754","targetHints":{"allow":["GET"]}}],"collection":[{"href":"https:\/\/grenzarbeit.eu\/venlo\/wp-json\/wp\/v2\/posts"}],"about":[{"href":"https:\/\/grenzarbeit.eu\/venlo\/wp-json\/wp\/v2\/types\/post"}],"author":[{"embeddable":true,"href":"https:\/\/grenzarbeit.eu\/venlo\/wp-json\/wp\/v2\/users\/1"}],"replies":[{"embeddable":true,"href":"https:\/\/grenzarbeit.eu\/venlo\/wp-json\/wp\/v2\/comments?post=3754"}],"version-history":[{"count":0,"href":"https:\/\/grenzarbeit.eu\/venlo\/wp-json\/wp\/v2\/posts\/3754\/revisions"}],"wp:featuredmedia":[{"embeddable":true,"href":"https:\/\/grenzarbeit.eu\/venlo\/wp-json\/wp\/v2\/media\/3753"}],"wp:attachment":[{"href":"https:\/\/grenzarbeit.eu\/venlo\/wp-json\/wp\/v2\/media?parent=3754"}],"wp:term":[{"taxonomy":"category","embeddable":true,"href":"https:\/\/grenzarbeit.eu\/venlo\/wp-json\/wp\/v2\/categories?post=3754"},{"taxonomy":"post_tag","embeddable":true,"href":"https:\/\/grenzarbeit.eu\/venlo\/wp-json\/wp\/v2\/tags?post=3754"}],"curies":[{"name":"wp","href":"https:\/\/api.w.org\/{rel}","templated":true}]}}