{"id":3645,"date":"2022-06-12T18:02:17","date_gmt":"2022-06-12T16:02:17","guid":{"rendered":"https:\/\/grenzarbeit.eu\/venlo\/?p=3645"},"modified":"2022-06-12T18:02:17","modified_gmt":"2022-06-12T16:02:17","slug":"webseminar-homeoffice-trotz-jobs-in-den-niederlanden","status":"publish","type":"post","link":"https:\/\/grenzarbeit.eu\/venlo\/webseminar-homeoffice-trotz-jobs-in-den-niederlanden\/","title":{"rendered":"Webseminar: Homeoffice trotz Jobs in den Niederlanden"},"content":{"rendered":"<p><strong>GrenzInfoPunkte veranstalten kostenloses Web-Seminar f\u00fcr Arbeitnehmerinnen und Arbeitnehmer<\/strong><\/p>\n<p><strong>Angestellt in den Niederlanden, arbeiten im Homeoffice in Deutschland: F\u00fcr viele Arbeitnehmerinnen und Arbeitnehmer ist das seit Beginn der Corona-Pandemie der neue Alltag. Aufgrund einer speziell daf\u00fcr eingef\u00fchrten Ausnahmeregelung f\u00fcr die grenz\u00fcberschreitenden Sozialversicherungsvorschriften und die Steuerpflicht klappte das bislang meistens problemlos. Ab dem 1. Juli ist diese Ausnahmeregelung jedoch au\u00dfer Kraft. Welche Folgen das f\u00fcr Arbeitnehmerinnen und Arbeitnehmer hat, zeigt ein Web-Seminar der GrenzInfoPunkte auf, das am Montag, 20. Juni, um 15.30 Uhr stattfindet. Die Teilnahme ist kostenlos.<\/strong><\/p>\n<p>Welche Folgen hat es, wenn ich in Deutschland wohne, in den Niederlanden besch\u00e4ftigt bin und im Homeoffice arbeite? Diese Frage steht im Mittelpunkt des Web-Seminars. Und sie l\u00e4sst sich nicht pauschal beantworten, wei\u00df GrenzInfoPunkt-Beraterin Julia Dillmann. Denn ab dem 1. Juli greift die seit 2020 geltende Ausnahmeregelung nicht mehr, laut der Arbeitnehmerinnen und Arbeitnehmer ihre gesamte Arbeitszeit im Homeoffice verbringen konnten, ohne, dass das Auswirkungen auf ihre Sozialversicherung und Steuerpflicht hatte. \u201eAb Juli gilt wieder die alte Regelung. Dadurch kann es sein, dass Besch\u00e4ftigte, die im Homeoffice in Deutschland arbeiten, auch dort sozialversichert sein oder Steuern abf\u00fchren m\u00fcssen\u201c, erkl\u00e4rt Dillmann. Man m\u00fcsse im Einzelfall pr\u00fcfen, wie es sich genau verh\u00e4lt, erg\u00e4nzt ihre Kollegin Irene Vehring: \u201eF\u00fcr Au\u00dfenstehende ist es nicht immer leicht zu verstehen. Aus diesem Grund beraten die GrenzInfoPunkte entlang der deutsch-niederl\u00e4ndischen Grenze zu den Themen Arbeiten und Wohnen im Nachbarland.\u201c<\/p>\n<p><strong>Vom Krankengeld bis zur Rente<\/strong><\/p>\n<p>Im Rahmen des Web-Seminars am Montag, 20. Juni, von 15.30 bis 16.30 Uhr werden auch weitere Punkte angeschnitten, die f\u00fcr Grenzpendlerinnen und Grenzpendler relevant sind \u2013 zum Beispiel die Themen Lohnfortzahlung und Krankengeld, Krankenschein und Wiedereingliederung sowie Rente und private Vorsorge. \u201eWir werden all diese Punkte im Web-Seminar beleuchten. Zudem k\u00f6nnen die Teilnehmerinnen und Teilnehmer auch Fragen stellen, die wir entweder direkt oder im Rahmen eines individuellen Gespr\u00e4chs beantworten\u201c, so Dillmann.<\/p>\n<p><strong>Anmeldung<\/strong><\/p>\n<p>Wer an dem Web-Seminar teilnehmen m\u00f6chte, kann sich bis zum 17. Juni unter <a href=\"http:\/\/www.bit.ly\/Webinar2006\">www.bit.ly\/Webinar2006<\/a> anmelden.<\/p>\n","protected":false},"excerpt":{"rendered":"<p>GrenzInfoPunkte veranstalten kostenloses Web-Seminar f\u00fcr Arbeitnehmerinnen und Arbeitnehmer Angestellt in den Niederlanden, arbeiten im Homeoffice in Deutschland: F\u00fcr viele Arbeitnehmerinnen und Arbeitnehmer ist das seit Beginn der Corona-Pandemie der neue Alltag. Aufgrund einer speziell daf\u00fcr eingef\u00fchrten Ausnahmeregelung f\u00fcr die grenz\u00fcberschreitenden Sozialversicherungsvorschriften und die Steuerpflicht klappte das bislang meistens problemlos. Ab dem 1. Juli ist diese [&hellip;]<\/p>\n","protected":false},"author":1,"featured_media":3644,"comment_status":"closed","ping_status":"open","sticky":false,"template":"","format":"standard","meta":{"_acf_changed":false,"inline_featured_image":false,"footnotes":""},"categories":[1],"tags":[],"class_list":["post-3645","post","type-post","status-publish","format-standard","has-post-thumbnail","hentry","category-unkategorisiert"],"acf":[],"_links":{"self":[{"href":"https:\/\/grenzarbeit.eu\/venlo\/wp-json\/wp\/v2\/posts\/3645","targetHints":{"allow":["GET"]}}],"collection":[{"href":"https:\/\/grenzarbeit.eu\/venlo\/wp-json\/wp\/v2\/posts"}],"about":[{"href":"https:\/\/grenzarbeit.eu\/venlo\/wp-json\/wp\/v2\/types\/post"}],"author":[{"embeddable":true,"href":"https:\/\/grenzarbeit.eu\/venlo\/wp-json\/wp\/v2\/users\/1"}],"replies":[{"embeddable":true,"href":"https:\/\/grenzarbeit.eu\/venlo\/wp-json\/wp\/v2\/comments?post=3645"}],"version-history":[{"count":0,"href":"https:\/\/grenzarbeit.eu\/venlo\/wp-json\/wp\/v2\/posts\/3645\/revisions"}],"wp:featuredmedia":[{"embeddable":true,"href":"https:\/\/grenzarbeit.eu\/venlo\/wp-json\/wp\/v2\/media\/3644"}],"wp:attachment":[{"href":"https:\/\/grenzarbeit.eu\/venlo\/wp-json\/wp\/v2\/media?parent=3645"}],"wp:term":[{"taxonomy":"category","embeddable":true,"href":"https:\/\/grenzarbeit.eu\/venlo\/wp-json\/wp\/v2\/categories?post=3645"},{"taxonomy":"post_tag","embeddable":true,"href":"https:\/\/grenzarbeit.eu\/venlo\/wp-json\/wp\/v2\/tags?post=3645"}],"curies":[{"name":"wp","href":"https:\/\/api.w.org\/{rel}","templated":true}]}}