{"id":3521,"date":"2022-03-13T14:15:02","date_gmt":"2022-03-13T13:15:02","guid":{"rendered":"https:\/\/grenzarbeit.eu\/venlo\/?p=3521"},"modified":"2022-03-13T14:15:02","modified_gmt":"2022-03-13T13:15:02","slug":"currywurst-trifft-frikandel-2-0-virtuelle-job-und-informationsmesse-zum-arbeiten-im-nachbarland","status":"publish","type":"post","link":"https:\/\/grenzarbeit.eu\/venlo\/currywurst-trifft-frikandel-2-0-virtuelle-job-und-informationsmesse-zum-arbeiten-im-nachbarland\/","title":{"rendered":"Currywurst trifft Frikandel 2.0 &#8211; virtuelle Job- und Informationsmesse zum Arbeiten im Nachbarland"},"content":{"rendered":"<p>Diejenigen, die in der Grenzregion leben und einen (anderen) Arbeitsplatz suchen, beschr\u00e4nken ihre Suche oft auf ihr eigenes Land. Aber warum? Es kann sich lohnen, einen Blick auf die andere Seite der Grenze zu werfen. Eine virtuelle Job- und Informationsmesse am 17. M\u00e4rz 2022 bietet die Gelegenheit dazu.<\/p>\n<p>Nach der erfolgreichen Erstauflage im vergangenen Jahr werden die Agentur f\u00fcr Arbeit Wesel, die Agenturen f\u00fcr Arbeit Coesfeld\/Gronau, das Jobcenter Kreis Wesel, das Jobcenter Kreis Viersen, das UWV Noord- en Midden Limburg und das UWV Gelderland Midden Zuid auch in diesem Jahr wieder eine Job- und Informationsmesse veranstalten.<\/p>\n<p>Unter dem Motto &#8220;Currywurst trifft Frikandel 2.0&#8221; erhalten niederl\u00e4ndische und deutsche B\u00fcrger am Donnerstag, 17. M\u00e4rz, von 10 bis 15 Uhr einen Online-\u00dcberblick \u00fcber die Chancen und M\u00f6glichkeiten in der Grenzregion.<\/p>\n<p>Die Pr\u00e4sentation liegt in den H\u00e4nden von Anouk Ellen Susan, die auch verschiedene kulturelle Unterschiede n\u00e4her beleuchten wird. Der Hauptteil der Veranstaltung besteht aus zwei Vortr\u00e4gen zu den Themen &#8220;Arbeiten in Deutschland&#8221; und &#8220;Arbeiten in den Niederlanden&#8221;. Die Teilnehmer erfahren mehr \u00fcber den Arbeitsmarkt, die soziale Sicherheit, Steuern oder das Arbeitsrecht im Nachbarland. Auch ein Arbeitgeber wird \u00fcber seine Erfahrungen mit der Besch\u00e4ftigung von Grenzg\u00e4ngern berichten.<\/p>\n<p>Dar\u00fcber hinaus werden Berater des GrensInfoPunt, des UWV und der Arbeitsagentur anwesend sein, um Fragen zu beantworten.<\/p>\n<p><strong>TEILNAHME AN DER VERANSTALTUNG<\/strong><br \/>\nAlles, was Sie f\u00fcr die Teilnahme ben\u00f6tigen, ist eine Internetverbindung und der beigef\u00fcgte Link. <a href=\"https:\/\/www.europeanjobdays.eu\/nl\/events\/currywurst-meets-frikandel-2\">https:\/\/www.europeanjobdays.eu\/nl\/events\/currywurst-meets-frikandel-2<\/a><\/p>\n<p><strong>VERANSTALTUNGS DETAILS<\/strong><br \/>\nDie Teilnahme an der Veranstaltung ist kostenlos. Die Vorschriften zum Schutz personenbezogener Daten werden eingehalten.<\/p>\n<p><strong>DATUM: 17. M\u00c4RZ 2022 von 10.00 bis 15.00 Uhr<\/strong><\/p>\n<p><strong>UWV EURES crossborder Noord- en Midden Limburg<\/strong><br \/>\nF\u00fcr Fragen oder weitere Informationen wenden Sie sich bitte an <a href=\"mailto:Grenswerk.NML@uwv.nl\">Grenswerk.NML@uwv.nl<\/a><\/p>\n","protected":false},"excerpt":{"rendered":"<p>Diejenigen, die in der Grenzregion leben und einen (anderen) Arbeitsplatz suchen, beschr\u00e4nken ihre Suche oft auf ihr eigenes Land. Aber warum? Es kann sich lohnen, einen Blick auf die andere Seite der Grenze zu werfen. Eine virtuelle Job- und Informationsmesse am 17. M\u00e4rz 2022 bietet die Gelegenheit dazu. Nach der erfolgreichen Erstauflage im vergangenen Jahr [&hellip;]<\/p>\n","protected":false},"author":1,"featured_media":3520,"comment_status":"closed","ping_status":"open","sticky":false,"template":"","format":"standard","meta":{"_acf_changed":false,"inline_featured_image":false,"footnotes":""},"categories":[1],"tags":[],"class_list":["post-3521","post","type-post","status-publish","format-standard","has-post-thumbnail","hentry","category-unkategorisiert"],"acf":[],"_links":{"self":[{"href":"https:\/\/grenzarbeit.eu\/venlo\/wp-json\/wp\/v2\/posts\/3521","targetHints":{"allow":["GET"]}}],"collection":[{"href":"https:\/\/grenzarbeit.eu\/venlo\/wp-json\/wp\/v2\/posts"}],"about":[{"href":"https:\/\/grenzarbeit.eu\/venlo\/wp-json\/wp\/v2\/types\/post"}],"author":[{"embeddable":true,"href":"https:\/\/grenzarbeit.eu\/venlo\/wp-json\/wp\/v2\/users\/1"}],"replies":[{"embeddable":true,"href":"https:\/\/grenzarbeit.eu\/venlo\/wp-json\/wp\/v2\/comments?post=3521"}],"version-history":[{"count":0,"href":"https:\/\/grenzarbeit.eu\/venlo\/wp-json\/wp\/v2\/posts\/3521\/revisions"}],"wp:featuredmedia":[{"embeddable":true,"href":"https:\/\/grenzarbeit.eu\/venlo\/wp-json\/wp\/v2\/media\/3520"}],"wp:attachment":[{"href":"https:\/\/grenzarbeit.eu\/venlo\/wp-json\/wp\/v2\/media?parent=3521"}],"wp:term":[{"taxonomy":"category","embeddable":true,"href":"https:\/\/grenzarbeit.eu\/venlo\/wp-json\/wp\/v2\/categories?post=3521"},{"taxonomy":"post_tag","embeddable":true,"href":"https:\/\/grenzarbeit.eu\/venlo\/wp-json\/wp\/v2\/tags?post=3521"}],"curies":[{"name":"wp","href":"https:\/\/api.w.org\/{rel}","templated":true}]}}