{"id":3188,"date":"2021-09-20T11:58:28","date_gmt":"2021-09-20T09:58:28","guid":{"rendered":"https:\/\/grenzarbeit.eu\/venlo\/?p=3188"},"modified":"2021-09-20T11:58:28","modified_gmt":"2021-09-20T09:58:28","slug":"sga-venlo-vor-ort-termine-wieder-moeglich","status":"publish","type":"post","link":"https:\/\/grenzarbeit.eu\/venlo\/sga-venlo-vor-ort-termine-wieder-moeglich\/","title":{"rendered":"SGA Venlo: Vor-Ort-Termine wieder m\u00f6glich"},"content":{"rendered":"<p>Ab sofort k\u00f6nnen sich Arbeitsuchende und Unternehmen wieder Vor-Ort nach vorheriger Terminabsprache beim SGA Venlo (UWV-Geb\u00e4ude, Prinsessesingel 10, Venlo) beraten lassen. Bei den Vor-Ort-Terminen wird dann jeweils ein Mitarbeiter des UWV und des <a href=\"https:\/\/grenzinfo.eu\/rmn\/\">GrenzInfoPunkts<\/a> zugegen sein. Bei Bedarf k\u00f6nnen auch Gespr\u00e4che mit Beratenden des UWV und der Arbeitsagenturen Krefeld und M\u00f6nchengladbach oder des Jobcenters Kreis Viersen vereinbart werden.<\/p>\n<p>Da es sich beim SGA um ein grenz\u00fcberschreitendes Projekt handelt, m\u00fcssen die Regeln aus Deutschland und den Niederlanden beachtet werden. Das hei\u00dft f\u00fcr die Kunden, dass Abst\u00e4nde eingehalten werden m\u00fcssen und auch ein Nachweis \u2013 genesen, getestet oder geimpft \u2013 vorgelegt werden muss.<\/p>\n<p>Termine k\u00f6nnen telefonisch unter: +31 (0)77 356 7670 oder per Mail an <a href=\"mailto:venlo@grensarbeid.eu\">venlo@grensarbeid.eu<\/a> vereinbart werden. Das SGA-Team spricht deutsch und niederl\u00e4ndisch.<\/p>\n<p><strong>Hintergrund zum SGA<\/strong><\/p>\n<p>Im UWV-Geb\u00e4ude steht ein deutsch-niederl\u00e4ndisches Beraterteam f\u00fcr alle zur Verf\u00fcgung, die im Nachbarland eine Arbeit suchen oder eine Stelle anbieten. Der SGA \u2013 Service Grenz\u00fcberschreitende Arbeitsvermittlung \u2013 ist normalerweise an zwei Vormittagen und einem Nachmittag besetzt mit Arbeitsvermittlern der Agenturen M\u00f6nchengladbach und Krefeld, des Jobcenters Kreis Viersen, des UWV und Beratern des GrenzInfoPunktes. Auf Wunsch bietet der Service auch arbeitgeberbezogene Informationsveranstaltungen und Job Speed Dates f\u00fcr Arbeitgeber an, die ihre Stellenangebote mit Bewerber\/innen aus dem Nachbarland besetzen m\u00f6chten.<\/p>\n","protected":false},"excerpt":{"rendered":"<p>Ab sofort k\u00f6nnen sich Arbeitsuchende und Unternehmen wieder Vor-Ort nach vorheriger Terminabsprache beim SGA Venlo (UWV-Geb\u00e4ude, Prinsessesingel 10, Venlo) beraten lassen. Bei den Vor-Ort-Terminen wird dann jeweils ein Mitarbeiter des UWV und des GrenzInfoPunkts zugegen sein. Bei Bedarf k\u00f6nnen auch Gespr\u00e4che mit Beratenden des UWV und der Arbeitsagenturen Krefeld und M\u00f6nchengladbach oder des Jobcenters Kreis [&hellip;]<\/p>\n","protected":false},"author":1,"featured_media":3189,"comment_status":"closed","ping_status":"open","sticky":false,"template":"","format":"standard","meta":{"_acf_changed":false,"inline_featured_image":false,"footnotes":""},"categories":[1],"tags":[],"class_list":["post-3188","post","type-post","status-publish","format-standard","has-post-thumbnail","hentry","category-unkategorisiert"],"acf":[],"_links":{"self":[{"href":"https:\/\/grenzarbeit.eu\/venlo\/wp-json\/wp\/v2\/posts\/3188","targetHints":{"allow":["GET"]}}],"collection":[{"href":"https:\/\/grenzarbeit.eu\/venlo\/wp-json\/wp\/v2\/posts"}],"about":[{"href":"https:\/\/grenzarbeit.eu\/venlo\/wp-json\/wp\/v2\/types\/post"}],"author":[{"embeddable":true,"href":"https:\/\/grenzarbeit.eu\/venlo\/wp-json\/wp\/v2\/users\/1"}],"replies":[{"embeddable":true,"href":"https:\/\/grenzarbeit.eu\/venlo\/wp-json\/wp\/v2\/comments?post=3188"}],"version-history":[{"count":0,"href":"https:\/\/grenzarbeit.eu\/venlo\/wp-json\/wp\/v2\/posts\/3188\/revisions"}],"wp:featuredmedia":[{"embeddable":true,"href":"https:\/\/grenzarbeit.eu\/venlo\/wp-json\/wp\/v2\/media\/3189"}],"wp:attachment":[{"href":"https:\/\/grenzarbeit.eu\/venlo\/wp-json\/wp\/v2\/media?parent=3188"}],"wp:term":[{"taxonomy":"category","embeddable":true,"href":"https:\/\/grenzarbeit.eu\/venlo\/wp-json\/wp\/v2\/categories?post=3188"},{"taxonomy":"post_tag","embeddable":true,"href":"https:\/\/grenzarbeit.eu\/venlo\/wp-json\/wp\/v2\/tags?post=3188"}],"curies":[{"name":"wp","href":"https:\/\/api.w.org\/{rel}","templated":true}]}}