{"id":3157,"date":"2021-07-09T14:09:35","date_gmt":"2021-07-09T12:09:35","guid":{"rendered":"https:\/\/grenzarbeit.eu\/venlo\/?p=3157"},"modified":"2021-07-09T14:09:35","modified_gmt":"2021-07-09T12:09:35","slug":"nrw-testpflicht-fuer-arbeitnehmer-nach-ihrem-urlaub","status":"publish","type":"post","link":"https:\/\/grenzarbeit.eu\/venlo\/nrw-testpflicht-fuer-arbeitnehmer-nach-ihrem-urlaub\/","title":{"rendered":"NRW: Testpflicht f\u00fcr Arbeitnehmer nach ihrem Urlaub"},"content":{"rendered":"<p>Das Land NRW hat seine Coronaschutzverordnung angepasst. Die neuen Regeln gelten ab Freitag, 9. Juli 2021. Damit werden auf der einen Seite Lockerungen f\u00fcr Kreise und St\u00e4dte mit einer stabilen sehr niedrigen Inzidenz eingef\u00fchrt. Auf der anderen Seite jedoch gibt es neue Pflichte f\u00fcr Arbeitnehmer nach ihrem Urlaub.<\/p>\n<p>Arbeitnehmerinnen und Arbeitnehmer, die noch nicht vollst\u00e4ndig geimpft oder genesen sind, m\u00fcssen nach ihrem Urlaub einen negativen Test vorlegen oder sich im Betrieb testen lassen. Konkret teilt das Land NRW mit, dass diese Testpflicht f\u00fcr Besch\u00e4ftigte gilt, die nach dem 1. Juli 2021 mindestens f\u00fcnf Tage aufgrund von Urlaub oder \u00e4hnlichen Abwesenheiten nicht gearbeitet haben. Krankheit oder Home-Office-Zeiten hingegen w\u00fcrden nicht zu einer Testpflicht f\u00fchren.<\/p>\n<p>Um weitegehende Lockerungen dort zu erm\u00f6glichen, wo die Inzidenzen sehr niedrig sind, f\u00fchrt das Land NRW eine neue Inzidenzstufe ein; Kontaktbeschr\u00e4nkungen gelten demnach nicht mehr f\u00fcr Kreise und St\u00e4dte, deren Inzidenz stabil bei und unter 10 liegt. Auch die Einhaltung des Mindestabstands zu anderen Personen werde weitgehend nur noch empfohlen. Wenn \u2013 wie derzeit \u2013 auch f\u00fcr das Land die Inzidenzstufe 0 gilt, gilt die Maskenpflicht grunds\u00e4tzlich nur noch im \u00d6PNV und im Handel und wird ansonsten auch in Innenbereichen lediglich empfohlen. Die Regelung zur Maskenpflicht in Schulen bleibt von den \u00c4nderungen unber\u00fchrt.<\/p>\n<p>Die neuen Landesregelungen gelten nur f\u00fcr die Bereiche, die das Land selbst regeln kann. So bleiben weitergehende bundesrechtliche Vorgaben insbesondere des Arbeitsschutzes auch in der neuen Inzidenzstufe 0 bestehen.<\/p>\n<p>Eine \u00dcbersicht der einzelnen Inzidenzstufen und entsprechende Ma\u00dfnahmen finden Sie <a href=\"https:\/\/www.land.nrw\/de\/pressemitteilung\/nordrhein-westfalen-passt-coronaschutzverordnung-regionen-mit-inzidenzen-von-10\">hier<\/a>.<\/p>\n<p>&nbsp;<\/p>\n","protected":false},"excerpt":{"rendered":"<p>Das Land NRW hat seine Coronaschutzverordnung angepasst. Die neuen Regeln gelten ab Freitag, 9. Juli 2021. Damit werden auf der einen Seite Lockerungen f\u00fcr Kreise und St\u00e4dte mit einer stabilen sehr niedrigen Inzidenz eingef\u00fchrt. Auf der anderen Seite jedoch gibt es neue Pflichte f\u00fcr Arbeitnehmer nach ihrem Urlaub. Arbeitnehmerinnen und Arbeitnehmer, die noch nicht vollst\u00e4ndig [&hellip;]<\/p>\n","protected":false},"author":1,"featured_media":0,"comment_status":"closed","ping_status":"open","sticky":false,"template":"","format":"standard","meta":{"_acf_changed":false,"inline_featured_image":false,"footnotes":""},"categories":[1],"tags":[],"class_list":["post-3157","post","type-post","status-publish","format-standard","hentry","category-unkategorisiert"],"acf":[],"_links":{"self":[{"href":"https:\/\/grenzarbeit.eu\/venlo\/wp-json\/wp\/v2\/posts\/3157","targetHints":{"allow":["GET"]}}],"collection":[{"href":"https:\/\/grenzarbeit.eu\/venlo\/wp-json\/wp\/v2\/posts"}],"about":[{"href":"https:\/\/grenzarbeit.eu\/venlo\/wp-json\/wp\/v2\/types\/post"}],"author":[{"embeddable":true,"href":"https:\/\/grenzarbeit.eu\/venlo\/wp-json\/wp\/v2\/users\/1"}],"replies":[{"embeddable":true,"href":"https:\/\/grenzarbeit.eu\/venlo\/wp-json\/wp\/v2\/comments?post=3157"}],"version-history":[{"count":0,"href":"https:\/\/grenzarbeit.eu\/venlo\/wp-json\/wp\/v2\/posts\/3157\/revisions"}],"wp:attachment":[{"href":"https:\/\/grenzarbeit.eu\/venlo\/wp-json\/wp\/v2\/media?parent=3157"}],"wp:term":[{"taxonomy":"category","embeddable":true,"href":"https:\/\/grenzarbeit.eu\/venlo\/wp-json\/wp\/v2\/categories?post=3157"},{"taxonomy":"post_tag","embeddable":true,"href":"https:\/\/grenzarbeit.eu\/venlo\/wp-json\/wp\/v2\/tags?post=3157"}],"curies":[{"name":"wp","href":"https:\/\/api.w.org\/{rel}","templated":true}]}}