{"id":3112,"date":"2021-04-29T22:44:38","date_gmt":"2021-04-29T20:44:38","guid":{"rendered":"https:\/\/grenzarbeit.eu\/venlo\/?p=3112"},"modified":"2021-04-29T22:48:20","modified_gmt":"2021-04-29T20:48:20","slug":"die-niederlande-kuendigt-schritt-1-des-oeffnungsplans-an-geschaefte-und-terrassen-teilweise-geoeffnet-ende-der-ausgangssperre","status":"publish","type":"post","link":"https:\/\/grenzarbeit.eu\/venlo\/die-niederlande-kuendigt-schritt-1-des-oeffnungsplans-an-geschaefte-und-terrassen-teilweise-geoeffnet-ende-der-ausgangssperre\/","title":{"rendered":"Die Niederlande k\u00fcndigt Schritt 1 des \u00d6ffnungsplans an: Gesch\u00e4fte und Terrassen teilweise ge\u00f6ffnet, Ende der Ausgangssperre"},"content":{"rendered":"\t\t<div data-elementor-type=\"wp-post\" data-elementor-id=\"3112\" class=\"elementor elementor-3112\" data-elementor-post-type=\"post\">\n\t\t\t\t\t\t<section class=\"elementor-section elementor-top-section elementor-element elementor-element-4a9fa247 elementor-section-boxed elementor-section-height-default elementor-section-height-default\" data-id=\"4a9fa247\" data-element_type=\"section\" data-e-type=\"section\">\n\t\t\t\t\t\t<div class=\"elementor-container elementor-column-gap-default\">\n\t\t\t\t\t<div class=\"elementor-column elementor-col-100 elementor-top-column elementor-element elementor-element-5b943954\" data-id=\"5b943954\" data-element_type=\"column\" data-e-type=\"column\">\n\t\t\t<div class=\"elementor-widget-wrap elementor-element-populated\">\n\t\t\t\t\t\t<div class=\"elementor-element elementor-element-3b6b0db5 elementor-widget elementor-widget-text-editor\" data-id=\"3b6b0db5\" data-element_type=\"widget\" data-e-type=\"widget\" data-widget_type=\"text-editor.default\">\n\t\t\t\t<div class=\"elementor-widget-container\">\n\t\t\t\t\t\t\t\t\t<p><span style=\"font-size: medium;\">Angesichts der zunehmenden Zahl von Menschen, die sich impfen lassen, erwartet die niederl\u00e4ndische Regierung, dass die Zahl der neuen Krankenhauseinweisungen zur\u00fcckgehen wird. Obwohl die schrittweise \u00d6ffnung der Gesellschaft nicht ohne Risiko ist, hat die Regierung auch die soziale und wirtschaftliche Bedeutung im Blick. Daher wird das Kabinett am 28. April den ersten zaghaften Schritt im Er\u00f6ffnungsplan unternehmen.<\/span><\/p><p><span style=\"font-size: medium;\">Am 28. April werden die folgenden Korona-Ma\u00dfnahmen freigegeben oder angepasst. <a href=\"maatregelen%20blijven%20gelden\">Alle anderen Ma\u00dfnahmen<\/a> werden beibehalten.<\/span><\/p><ul><li><h6><b>Ende der Ausgangssperre<\/b><\/h6><\/li><\/ul><p>Die Ausgangssperre endet am 28. April um 4:30 Uhr morgens.<\/p><ul><li><span style=\"font-size: medium;\"><b>Hausbesuch bei 2 Personen<\/b><\/span><\/li><\/ul><p><span style=\"font-size: medium;\">Die Empfehlung f\u00fcr Hausbesuche \u00e4ndern sich. Die neue Empfehlung lautet: maximal 2 Personen pro Tag. Maximal 1 Mal am Tag. Begrenzen Sie auch die Anzahl der verschiedenen Kontakte in einer Woche. Waschen Sie sich beim Betreten immer die H\u00e4nde und halten Sie einen Abstand von 1,5 Metern ein.<\/span><\/p><ul><li><span style=\"font-size: medium;\"><b>Er\u00f6ffnung Terrassen<\/b><\/span><\/li><\/ul><p><span style=\"font-size: medium;\">Die Au\u00dfenterrassen k\u00f6nnen unter bestimmten Bedingungen von 12:00 bis 18:00 Uhr ge\u00f6ffnet werden. Die maximale Anzahl der G\u00e4ste auf einer Terrasse betr\u00e4gt 50. Es gibt feste Sitzpl\u00e4tze und Selbstbedienung ist nicht erlaubt. An einem Tisch sitzen maximal 2 Personen im Abstand von 1,5 Metern. Es sei denn, es handelt sich um Personen aus demselben Haushalt und Kinder bis zu 12 Jahren, dann sind mehrere Personen an einem Tisch erlaubt, mit weniger als 1,5 Metern Abstand. Besucher k\u00f6nnen drinnen bezahlen, auf die Toilette gehen oder die Garderobe benutzen. Im Inneren ist ein Mundschutz erforderlich. <a href=\"https:\/\/www.rijksoverheid.nl\/onderwerpen\/coronavirus-covid-19\/algemene-coronaregels\/aangekondigde-maatregelen\/plannen-opening-buitenterrassen-eet-en-drinkgelegenheden\">Hier<\/a> alle Regeln die auf Au\u00dfenterrassen gelten.<\/span><\/p><p><span style=\"font-size: medium;\">In den n\u00e4chsten Schritten des \u00d6ffnungsplans werden die Bedingungen f\u00fcr die Gastronomie erweitert.<\/span><\/p><ul><li><span style=\"font-size: medium;\"><b>Gesch\u00e4fte und M\u00e4rkte ge\u00f6ffnet<\/b><\/span><\/li><\/ul><p><span style=\"font-size: medium;\"><a href=\"https:\/\/www.rijksoverheid.nl\/onderwerpen\/coronavirus-covid-19\/algemene-coronaregels\/aangekondigde-maatregelen\/plannen-voor-opening-detailhandel\">Alle Gesch\u00e4fte d\u00fcrfen Kunden ohne Einkaufstermin empfangen<\/a>. Es gelten jedoch Bedingungen, wie z. B. eine maximale Anzahl von Kunden in einem Gesch\u00e4ft. Es ist immer noch wichtig, Menschenmengen zu vermeiden. Besuchen Sie daher ein Gesch\u00e4ft zu einer ruhigen Zeit, z. B. fr\u00fch morgens. Und gehen Sie, wenn m\u00f6glich, allein. Nicht lebensnotwendige Gesch\u00e4fte, wie z. B. Bekleidungsgesch\u00e4fte, k\u00f6nnen von 6 Uhr morgens bis 20 Uhr abends ge\u00f6ffnet sein. Wesentliche Gesch\u00e4fte, wie z. B. Superm\u00e4rkte, k\u00f6nnen zu ihren \u00fcblichen Zeiten wieder \u00f6ffnen. Das Tragen eines Mundschutzes in Gesch\u00e4ften bleibt Pflicht.<\/span><\/p><p><span style=\"font-size: medium;\">Auf M\u00e4rkten d\u00fcrfen auch Non-Food-Artikel verkauft werden. Zum Beispiel Kleidung und Kosmetika.<\/span><\/p><ul><li><span style=\"font-size: medium;\"><b>Universit\u00e4ten und Hochschulen<\/b><\/span><\/li><\/ul><p><span style=\"font-size: medium;\">Studenten an Universit\u00e4ten und Hochschulen k\u00f6nnen <a href=\"https:\/\/www.rijksoverheid.nl\/actueel\/nieuws\/2021\/04\/20\/hoger-onderwijs-weer-open-per-26-april\">ab Montag, den 26. April<\/a>, einen Tag pro Woche vor Ort am Unterricht teilnehmen. Dies ist nur unter bestimmten Bedingungen m\u00f6glich, wie z. B. der Einhaltung eines Abstands von 1,5 Metern. Ab Mai werden Selbsttests f\u00fcr Studenten und Mitarbeiter zur Verf\u00fcgung stehen.<\/span><\/p><p><span style=\"font-size: medium;\">Eine vollst\u00e4ndige \u00dcbersicht \u00fcber alle Regeln und die n\u00e4chsten Schritte des Er\u00f6ffnungsplans finden Sie auf <a href=\"https:\/\/www.rijksoverheid.nl\/actueel\/nieuws\/2021\/04\/20\/stap-1-winkels-en-terrassen-deels-open-einde-avondklok\">der Website der Rijksoverheid<\/a>. <\/span><\/p>\t\t\t\t\t\t\t\t<\/div>\n\t\t\t\t<\/div>\n\t\t\t\t\t<\/div>\n\t\t<\/div>\n\t\t\t\t\t<\/div>\n\t\t<\/section>\n\t\t\t\t<\/div>\n\t\t","protected":false},"excerpt":{"rendered":"<p>Angesichts der zunehmenden Zahl von Menschen, die sich impfen lassen, erwartet die niederl\u00e4ndische Regierung, dass die Zahl der neuen Krankenhauseinweisungen zur\u00fcckgehen wird. Obwohl die schrittweise \u00d6ffnung der Gesellschaft nicht ohne Risiko ist, hat die Regierung auch die soziale und wirtschaftliche Bedeutung im Blick. Daher wird das Kabinett am 28. April den ersten zaghaften Schritt im [&hellip;]<\/p>\n","protected":false},"author":1,"featured_media":0,"comment_status":"closed","ping_status":"open","sticky":false,"template":"","format":"standard","meta":{"_acf_changed":false,"inline_featured_image":false,"footnotes":""},"categories":[1],"tags":[],"class_list":["post-3112","post","type-post","status-publish","format-standard","hentry","category-unkategorisiert"],"acf":[],"_links":{"self":[{"href":"https:\/\/grenzarbeit.eu\/venlo\/wp-json\/wp\/v2\/posts\/3112","targetHints":{"allow":["GET"]}}],"collection":[{"href":"https:\/\/grenzarbeit.eu\/venlo\/wp-json\/wp\/v2\/posts"}],"about":[{"href":"https:\/\/grenzarbeit.eu\/venlo\/wp-json\/wp\/v2\/types\/post"}],"author":[{"embeddable":true,"href":"https:\/\/grenzarbeit.eu\/venlo\/wp-json\/wp\/v2\/users\/1"}],"replies":[{"embeddable":true,"href":"https:\/\/grenzarbeit.eu\/venlo\/wp-json\/wp\/v2\/comments?post=3112"}],"version-history":[{"count":0,"href":"https:\/\/grenzarbeit.eu\/venlo\/wp-json\/wp\/v2\/posts\/3112\/revisions"}],"wp:attachment":[{"href":"https:\/\/grenzarbeit.eu\/venlo\/wp-json\/wp\/v2\/media?parent=3112"}],"wp:term":[{"taxonomy":"category","embeddable":true,"href":"https:\/\/grenzarbeit.eu\/venlo\/wp-json\/wp\/v2\/categories?post=3112"},{"taxonomy":"post_tag","embeddable":true,"href":"https:\/\/grenzarbeit.eu\/venlo\/wp-json\/wp\/v2\/tags?post=3112"}],"curies":[{"name":"wp","href":"https:\/\/api.w.org\/{rel}","templated":true}]}}