{"id":5192,"date":"2026-08-26T10:07:57","date_gmt":"2026-08-26T08:07:57","guid":{"rendered":"https:\/\/grenzarbeit.eu\/kerkrade\/?p=5192"},"modified":"2026-08-26T10:55:45","modified_gmt":"2026-08-26T08:55:45","slug":"grenzarbeit-feiert","status":"publish","type":"post","link":"https:\/\/grenzarbeit.eu\/kerkrade\/grenzarbeit-feiert\/","title":{"rendered":"Grenzarbeit Kerkrade feiert!"},"content":{"rendered":"<div class=\"x14z9mp xat24cr x1lziwak x1vvkbs xtlvy1s x126k92a\">\n<div dir=\"auto\">Am 15. August 2026 feierte Grenzarbeit Kerkrade stolz sein 10-j\u00e4hriges Bestehen. In den vergangenen zehn Jahren haben wir bereits sehr vielen Deutschen und Niederl\u00e4ndischen Arbeitssuchenden zu einem Job in der Grenzregion geholfen. Und das wollen wir nat\u00fcrlich auch in Zukunft gerne weiter tun! Denkst du manchmal dar\u00fcber nach, dir einen Job jenseits der Grenze zu suchen? Z\u00f6gere nicht und nimm unverbindlich Kontakt mit uns auf!<\/div>\n<\/div>\n<div class=\"x14z9mp xat24cr x1lziwak x1vvkbs xtlvy1s x126k92a\">\n<div dir=\"auto\"><img fetchpriority=\"high\" decoding=\"async\" class=\"size-medium wp-image-5193 alignleft\" src=\"https:\/\/grenzarbeit.eu\/kerkrade\/wp-content\/uploads\/sites\/13\/2026\/08\/10-jaar-GA-Duits-200x300.jpg\" alt=\"\" width=\"200\" height=\"300\" srcset=\"https:\/\/grenzarbeit.eu\/kerkrade\/wp-content\/uploads\/sites\/13\/2026\/08\/10-jaar-GA-Duits-200x300.jpg 200w, https:\/\/grenzarbeit.eu\/kerkrade\/wp-content\/uploads\/sites\/13\/2026\/08\/10-jaar-GA-Duits-683x1024.jpg 683w, https:\/\/grenzarbeit.eu\/kerkrade\/wp-content\/uploads\/sites\/13\/2026\/08\/10-jaar-GA-Duits-768x1152.jpg 768w, https:\/\/grenzarbeit.eu\/kerkrade\/wp-content\/uploads\/sites\/13\/2026\/08\/10-jaar-GA-Duits.jpg 843w\" sizes=\"(max-width: 200px) 100vw, 200px\" \/><\/div>\n<\/div>\n","protected":false},"excerpt":{"rendered":"<p>Am 15. August 2026 feierte Grenzarbeit Kerkrade stolz sein 10-j\u00e4hriges Bestehen. In den vergangenen zehn Jahren haben wir bereits sehr vielen Deutschen und Niederl\u00e4ndischen Arbeitssuchenden zu einem Job in der Grenzregion geholfen. Und das wollen wir nat\u00fcrlich auch in Zukunft gerne weiter tun! Denkst du manchmal dar\u00fcber nach, dir einen Job jenseits der Grenze zu [&hellip;]<\/p>\n","protected":false},"author":24,"featured_media":5210,"comment_status":"open","ping_status":"open","sticky":false,"template":"","format":"standard","meta":{"_acf_changed":false,"inline_featured_image":false,"footnotes":""},"categories":[1],"tags":[],"class_list":["post-5192","post","type-post","status-publish","format-standard","has-post-thumbnail","hentry","category-uncategorized"],"acf":[],"_links":{"self":[{"href":"https:\/\/grenzarbeit.eu\/kerkrade\/wp-json\/wp\/v2\/posts\/5192","targetHints":{"allow":["GET"]}}],"collection":[{"href":"https:\/\/grenzarbeit.eu\/kerkrade\/wp-json\/wp\/v2\/posts"}],"about":[{"href":"https:\/\/grenzarbeit.eu\/kerkrade\/wp-json\/wp\/v2\/types\/post"}],"author":[{"embeddable":true,"href":"https:\/\/grenzarbeit.eu\/kerkrade\/wp-json\/wp\/v2\/users\/24"}],"replies":[{"embeddable":true,"href":"https:\/\/grenzarbeit.eu\/kerkrade\/wp-json\/wp\/v2\/comments?post=5192"}],"version-history":[{"count":4,"href":"https:\/\/grenzarbeit.eu\/kerkrade\/wp-json\/wp\/v2\/posts\/5192\/revisions"}],"predecessor-version":[{"id":5204,"href":"https:\/\/grenzarbeit.eu\/kerkrade\/wp-json\/wp\/v2\/posts\/5192\/revisions\/5204"}],"wp:featuredmedia":[{"embeddable":true,"href":"https:\/\/grenzarbeit.eu\/kerkrade\/wp-json\/wp\/v2\/media\/5210"}],"wp:attachment":[{"href":"https:\/\/grenzarbeit.eu\/kerkrade\/wp-json\/wp\/v2\/media?parent=5192"}],"wp:term":[{"taxonomy":"category","embeddable":true,"href":"https:\/\/grenzarbeit.eu\/kerkrade\/wp-json\/wp\/v2\/categories?post=5192"},{"taxonomy":"post_tag","embeddable":true,"href":"https:\/\/grenzarbeit.eu\/kerkrade\/wp-json\/wp\/v2\/tags?post=5192"}],"curies":[{"name":"wp","href":"https:\/\/api.w.org\/{rel}","templated":true}]}}